{"id":878,"date":"2020-06-07T10:33:22","date_gmt":"2020-06-07T09:33:22","guid":{"rendered":"https:\/\/icadenterprise.com\/?p=878"},"modified":"2020-06-07T10:35:00","modified_gmt":"2020-06-07T09:35:00","slug":"48e-edition-de-la-journee-mondiale-de-lenvironnement","status":"publish","type":"post","link":"https:\/\/icadenterprise.com\/index.php\/2020\/06\/07\/48e-edition-de-la-journee-mondiale-de-lenvironnement\/","title":{"rendered":"48e EDITION DE LA JOURNEE MONDIALE DE L\u2019ENVIRONNEMENT"},"content":{"rendered":"<p>L\u2019environnement est connu comme tout ce qui nous entoure incluant l\u2019air, l\u2019eau, la faune, la flore et le sol. Aussi pour une paix int\u00e9rieure et son bien \u00eatre, l\u2019homme doit vivre en harmonie avec son environnement. Raison pour laquelle en date du 05 Juin 2020, a \u00e9t\u00e9 c\u00e9l\u00e9br\u00e9e dans la ville de Dschang, d\u00e9partement de la Menoua la journ\u00e9e mondiale de l\u2019environnement sous le th\u00e8me<strong> \u00ab\u00a0BIODIVERSITE<\/strong>\u00bb. Cette journ\u00e9e a \u00e9t\u00e9 marqu\u00e9 par une synergie d\u2019action entre l\u2019entreprise ICAD (<a href=\"http:\/\/www.icadenterprise.com\">www.icadenterprise.com<\/a>) et la commune de Dschang. Ces deux institutions ont ensemble planter les arbres, pour cette activit\u00e9. Le Cameroun portant un tr\u00e8s grand int\u00e9r\u00eat \u00e0 la conservation de la diversit\u00e9 biologique \u00e9rige cette journ\u00e9e sous le th\u00e8me\u00a0: <strong>\u00ab\u00a0la biodiversit\u00e9, une source de pr\u00e9occupation \u00e0 la fois urgente et existentielle\u00a0\u00bb. <\/strong>L\u2019ouverture de cette journ\u00e9e \u00e0 11h10 minutes a \u00e9t\u00e9 marqu\u00e9e premi\u00e8rement par le discours de Pr TEMGOUA Emile, 1<sup>er<\/sup> Adjoint au Maire de la Commune Urbaine de Dschang<\/p>\n<h4>Share this post<\/h4>\n<p>\t\t\t\t\t\t\t\tShare on facebook<br \/>\n\t\t\t\t\t\t\t\tShare on google<br \/>\n\t\t\t\t\t\t\t\tShare on twitter<br \/>\n\t\t\t\t\t\t\t\tShare on linkedin<br \/>\n\t\t\t\t\t\t\t\tShare on pinterest<br \/>\n\t\t\t\t\t\t\t\tShare on print<br \/>\n\t\t\t\t\t\t\t\tShare on email<\/p>\n","protected":false},"excerpt":{"rendered":"<p>L\u2019environnement est connu comme tout ce qui nous entoure incluant l\u2019air, l\u2019eau, la faune, la flore et le sol. Aussi pour une paix int\u00e9rieure et son bien \u00eatre, l\u2019homme doit vivre en harmonie avec son environnement. Raison pour laquelle en date du 05 Juin 2020, a \u00e9t\u00e9 c\u00e9l\u00e9br\u00e9e dans la ville de Dschang, d\u00e9partement de [&hellip;]<\/p>\n","protected":false},"author":1,"featured_media":0,"comment_status":"open","ping_status":"open","sticky":false,"template":"","format":"standard","meta":{"_et_pb_use_builder":"","_et_pb_old_content":"","_et_gb_content_width":"","footnotes":""},"categories":[1],"tags":[],"_links":{"self":[{"href":"https:\/\/icadenterprise.com\/index.php\/wp-json\/wp\/v2\/posts\/878"}],"collection":[{"href":"https:\/\/icadenterprise.com\/index.php\/wp-json\/wp\/v2\/posts"}],"about":[{"href":"https:\/\/icadenterprise.com\/index.php\/wp-json\/wp\/v2\/types\/post"}],"author":[{"embeddable":true,"href":"https:\/\/icadenterprise.com\/index.php\/wp-json\/wp\/v2\/users\/1"}],"replies":[{"embeddable":true,"href":"https:\/\/icadenterprise.com\/index.php\/wp-json\/wp\/v2\/comments?post=878"}],"version-history":[{"count":3,"href":"https:\/\/icadenterprise.com\/index.php\/wp-json\/wp\/v2\/posts\/878\/revisions"}],"predecessor-version":[{"id":885,"href":"https:\/\/icadenterprise.com\/index.php\/wp-json\/wp\/v2\/posts\/878\/revisions\/885"}],"wp:attachment":[{"href":"https:\/\/icadenterprise.com\/index.php\/wp-json\/wp\/v2\/media?parent=878"}],"wp:term":[{"taxonomy":"category","embeddable":true,"href":"https:\/\/icadenterprise.com\/index.php\/wp-json\/wp\/v2\/categories?post=878"},{"taxonomy":"post_tag","embeddable":true,"href":"https:\/\/icadenterprise.com\/index.php\/wp-json\/wp\/v2\/tags?post=878"}],"curies":[{"name":"wp","href":"https:\/\/api.w.org\/{rel}","templated":true}]}}